{"id":1101,"date":"2024-06-19T11:47:06","date_gmt":"2024-06-19T09:47:06","guid":{"rendered":"https:\/\/simonbucher.at\/?p=1101"},"modified":"2024-06-19T11:47:08","modified_gmt":"2024-06-19T09:47:08","slug":"silbermedaille-fuer-simon-bucher-bei-den-europameisterschaften-in-belgrad","status":"publish","type":"post","link":"https:\/\/simonbucher.at\/?p=1101","title":{"rendered":"Silbermedaille f\u00fcr Simon Bucher bei den Europameisterschaften in Belgrad"},"content":{"rendered":"\n<p>Belgrad, 18. Juni 2024 \u2013 Der \u00f6sterreichische Profischwimmer Simon Bucher hat bei den Europameisterschaften in Belgrad mit einer herausragenden Leistung die Silbermedaille im 50m Schmetterling gewonnen. Bucher beeindruckte mit einer Zeit von 23,19 Sekunden und musste sich nur knapp dem Sieger Bilas geschlagen geben, der mit einer Zeit von 23,15 Sekunden triumphierte.<\/p>\n\n\n\n<p>Die Zuschauer in der Schwimmarena von Belgrad erlebten ein packendes Finale, in dem Bucher mit explosiver Energie und Pr\u00e4zision die Konkurrenz hinter sich lie\u00df und sein Talent eindrucksvoll unter Beweis stellte. Der hauchd\u00fcnne Abstand von nur vier Hundertstelsekunden zum Erstplatzierten Bilas zeigt die unglaubliche Leistungsdichte und das hohe Niveau des Wettbewerbs.<\/p>\n\n\n\n<p>Mit dieser bemerkenswerten Leistung sichert sich Bucher nicht nur den prestigetr\u00e4chtigen zweiten Platz, sondern sendet auch ein starkes Signal in Richtung der Olympischen Spiele in Paris. Der \u00f6sterreichische Schwimmer ist fest entschlossen, seine Energie und Motivation aus diesem Erfolg mitzunehmen und sich optimal auf das n\u00e4chste gro\u00dfe Ziel vorzubereiten.<\/p>\n\n\n\n<p>\u201eIch bin \u00fcbergl\u00fccklich \u00fcber die Silbermedaille und stolz auf meine Leistung\u201c, sagte Bucher nach dem Rennen. \u201eEs war ein harter Wettkampf, und Bilas war ein starker Gegner. Diese Erfahrung motiviert mich nur noch mehr f\u00fcr die Olympischen Spiele in Paris. Ich werde hart weiterarbeiten, um dort mein Bestes zu geben.\u201c<\/p>\n\n\n\n<p>Die Schwimmgemeinschaft und Fans in \u00d6sterreich feiern Simon Buchers beeindruckende Leistung und blicken gespannt auf seine weitere Karriere. Mit seiner Silbermedaille in Belgrad hat er bewiesen, dass er zu den Top-Athleten Europas geh\u00f6rt und dass man in Paris fest mit ihm rechnen kann.<\/p>\n","protected":false},"excerpt":{"rendered":"<p>Belgrad, 18. Juni 2024 \u2013 Der \u00f6sterreichische Profischwimmer Simon Bucher hat bei den Europameisterschaften in Belgrad mit einer herausragenden Leistung die Silbermedaille im 50m Schmetterling gewonnen. Bucher beeindruckte mit einer Zeit von 23,19 Sekunden und musste sich nur knapp dem Sieger Bilas geschlagen geben, der mit einer Zeit von 23,15 Sekunden triumphierte. Die Zuschauer in [&hellip;]<\/p>\n","protected":false},"author":1,"featured_media":1102,"comment_status":"open","ping_status":"open","sticky":false,"template":"","format":"standard","meta":{"footnotes":""},"categories":[1],"tags":[],"class_list":["post-1101","post","type-post","status-publish","format-standard","has-post-thumbnail","hentry","category-allgemein"],"yoast_head":"<!-- This site is optimized with the Yoast SEO plugin v27.5 - https:\/\/yoast.com\/product\/yoast-seo-wordpress\/ -->\n<title>Silbermedaille f\u00fcr Simon Bucher bei den Europameisterschaften in Belgrad - simonbucher.at<\/title>\n<meta name=\"description\" content=\"Belgrad, 18. Juni 2024 \u2013 Der \u00f6sterreichische Profischwimmer Simon Bucher hat bei den Europameisterschaften in Belgrad mit einer herausragenden Leistung die Silbermedaille im 50m Schmetterling gewonnen. Bucher beeindruckte mit einer Zeit von 23,19 Sekunden und musste sich nur knapp dem Sieger Bilas geschlagen geben, der mit einer Zeit von 23,15 Sekunden triumphierte.Die Zuschauer in der Schwimmarena von Belgrad erlebten ein packendes Finale, in dem Bucher mit explosiver Energie und Pr\u00e4zision die Konkurrenz hinter sich lie\u00df und sein Talent eindrucksvoll unter Beweis stellte. Der hauchd\u00fcnne Abstand von nur vier Hundertstelsekunden zum Erstplatzierten Bilas zeigt die unglaubliche Leistungsdichte und das hohe Niveau des Wettbewerbs.Mit dieser bemerkenswerten Leistung sichert sich Bucher nicht nur den prestigetr\u00e4chtigen zweiten Platz, sondern sendet auch ein starkes Signal in Richtung der Olympischen Spiele in Paris. Der \u00f6sterreichische Schwimmer ist fest entschlossen, seine Energie und Motivation aus diesem Erfolg mitzunehmen und sich optimal auf das n\u00e4chste gro\u00dfe Ziel vorzubereiten.\u201eIch bin \u00fcbergl\u00fccklich \u00fcber die Silbermedaille und stolz auf meine Leistung\u201c, sagte Bucher nach dem Rennen. \u201eEs war ein harter Wettkampf, und Bilas war ein starker Gegner. Diese Erfahrung motiviert mich nur noch mehr f\u00fcr die Olympischen Spiele in Paris. Ich werde hart weiterarbeiten, um dort mein Bestes zu geben.\u201cDie Schwimmgemeinschaft und Fans in \u00d6sterreich feiern Simon Buchers beeindruckende Leistung und blicken gespannt auf seine weitere Karriere. Mit seiner Silbermedaille in Belgrad hat er bewiesen, dass er zu den Top-Athleten Europas geh\u00f6rt und dass man in Paris fest mit ihm rechnen kann.\" \/>\n<meta name=\"robots\" content=\"index, follow, max-snippet:-1, max-image-preview:large, max-video-preview:-1\" \/>\n<link rel=\"canonical\" href=\"https:\/\/simonbucher.at\/?p=1101\" \/>\n<meta property=\"og:locale\" content=\"de_DE\" \/>\n<meta property=\"og:type\" content=\"article\" \/>\n<meta property=\"og:title\" content=\"Silbermedaille f\u00fcr Simon Bucher bei den Europameisterschaften in Belgrad - simonbucher.at\" \/>\n<meta property=\"og:description\" content=\"Belgrad, 18. Juni 2024 \u2013 Der \u00f6sterreichische Profischwimmer Simon Bucher hat bei den Europameisterschaften in Belgrad mit einer herausragenden Leistung die Silbermedaille im 50m Schmetterling gewonnen. Bucher beeindruckte mit einer Zeit von 23,19 Sekunden und musste sich nur knapp dem Sieger Bilas geschlagen geben, der mit einer Zeit von 23,15 Sekunden triumphierte.Die Zuschauer in der Schwimmarena von Belgrad erlebten ein packendes Finale, in dem Bucher mit explosiver Energie und Pr\u00e4zision die Konkurrenz hinter sich lie\u00df und sein Talent eindrucksvoll unter Beweis stellte. Der hauchd\u00fcnne Abstand von nur vier Hundertstelsekunden zum Erstplatzierten Bilas zeigt die unglaubliche Leistungsdichte und das hohe Niveau des Wettbewerbs.Mit dieser bemerkenswerten Leistung sichert sich Bucher nicht nur den prestigetr\u00e4chtigen zweiten Platz, sondern sendet auch ein starkes Signal in Richtung der Olympischen Spiele in Paris. Der \u00f6sterreichische Schwimmer ist fest entschlossen, seine Energie und Motivation aus diesem Erfolg mitzunehmen und sich optimal auf das n\u00e4chste gro\u00dfe Ziel vorzubereiten.\u201eIch bin \u00fcbergl\u00fccklich \u00fcber die Silbermedaille und stolz auf meine Leistung\u201c, sagte Bucher nach dem Rennen. \u201eEs war ein harter Wettkampf, und Bilas war ein starker Gegner. Diese Erfahrung motiviert mich nur noch mehr f\u00fcr die Olympischen Spiele in Paris. Ich werde hart weiterarbeiten, um dort mein Bestes zu geben.\u201cDie Schwimmgemeinschaft und Fans in \u00d6sterreich feiern Simon Buchers beeindruckende Leistung und blicken gespannt auf seine weitere Karriere. Mit seiner Silbermedaille in Belgrad hat er bewiesen, dass er zu den Top-Athleten Europas geh\u00f6rt und dass man in Paris fest mit ihm rechnen kann.\" \/>\n<meta property=\"og:url\" content=\"https:\/\/simonbucher.at\/?p=1101\" \/>\n<meta property=\"og:site_name\" content=\"simonbucher.at\" \/>\n<meta property=\"article:published_time\" content=\"2024-06-19T09:47:06+00:00\" \/>\n<meta property=\"article:modified_time\" content=\"2024-06-19T09:47:08+00:00\" \/>\n<meta property=\"og:image\" content=\"https:\/\/simonbucher.at\/wp-content\/uploads\/2024\/06\/448532355_18439374031047792_6204944361893517576_n.jpg\" \/>\n\t<meta property=\"og:image:width\" content=\"960\" \/>\n\t<meta property=\"og:image:height\" content=\"640\" \/>\n\t<meta property=\"og:image:type\" content=\"image\/jpeg\" \/>\n<meta name=\"author\" content=\"adminG36U\" \/>\n<meta name=\"twitter:card\" content=\"summary_large_image\" \/>\n<meta name=\"twitter:label1\" content=\"Verfasst von\" \/>\n\t<meta name=\"twitter:data1\" content=\"adminG36U\" \/>\n\t<meta name=\"twitter:label2\" content=\"Gesch\u00e4tzte Lesezeit\" \/>\n\t<meta name=\"twitter:data2\" content=\"2\u00a0Minuten\" \/>\n<script type=\"application\/ld+json\" class=\"yoast-schema-graph\">{\"@context\":\"https:\\\/\\\/schema.org\",\"@graph\":[{\"@type\":\"Article\",\"@id\":\"https:\\\/\\\/simonbucher.at\\\/?p=1101#article\",\"isPartOf\":{\"@id\":\"https:\\\/\\\/simonbucher.at\\\/?p=1101\"},\"author\":{\"name\":\"adminG36U\",\"@id\":\"https:\\\/\\\/simonbucher.at\\\/#\\\/schema\\\/person\\\/72fabddf09419697c76c0b0d6b487d75\"},\"headline\":\"Silbermedaille f\u00fcr Simon Bucher bei den Europameisterschaften in Belgrad\",\"datePublished\":\"2024-06-19T09:47:06+00:00\",\"dateModified\":\"2024-06-19T09:47:08+00:00\",\"mainEntityOfPage\":{\"@id\":\"https:\\\/\\\/simonbucher.at\\\/?p=1101\"},\"wordCount\":258,\"commentCount\":0,\"publisher\":{\"@id\":\"https:\\\/\\\/simonbucher.at\\\/#organization\"},\"image\":{\"@id\":\"https:\\\/\\\/simonbucher.at\\\/?p=1101#primaryimage\"},\"thumbnailUrl\":\"https:\\\/\\\/simonbucher.at\\\/wp-content\\\/uploads\\\/2024\\\/06\\\/448532355_18439374031047792_6204944361893517576_n.jpg\",\"inLanguage\":\"de\",\"potentialAction\":[{\"@type\":\"CommentAction\",\"name\":\"Comment\",\"target\":[\"https:\\\/\\\/simonbucher.at\\\/?p=1101#respond\"]}]},{\"@type\":\"WebPage\",\"@id\":\"https:\\\/\\\/simonbucher.at\\\/?p=1101\",\"url\":\"https:\\\/\\\/simonbucher.at\\\/?p=1101\",\"name\":\"Silbermedaille f\u00fcr Simon Bucher bei den Europameisterschaften in Belgrad - simonbucher.at\",\"isPartOf\":{\"@id\":\"https:\\\/\\\/simonbucher.at\\\/#website\"},\"primaryImageOfPage\":{\"@id\":\"https:\\\/\\\/simonbucher.at\\\/?p=1101#primaryimage\"},\"image\":{\"@id\":\"https:\\\/\\\/simonbucher.at\\\/?p=1101#primaryimage\"},\"thumbnailUrl\":\"https:\\\/\\\/simonbucher.at\\\/wp-content\\\/uploads\\\/2024\\\/06\\\/448532355_18439374031047792_6204944361893517576_n.jpg\",\"datePublished\":\"2024-06-19T09:47:06+00:00\",\"dateModified\":\"2024-06-19T09:47:08+00:00\",\"description\":\"Belgrad, 18. Juni 2024 \u2013 Der \u00f6sterreichische Profischwimmer Simon Bucher hat bei den Europameisterschaften in Belgrad mit einer herausragenden Leistung die Silbermedaille im 50m Schmetterling gewonnen. Bucher beeindruckte mit einer Zeit von 23,19 Sekunden und musste sich nur knapp dem Sieger Bilas geschlagen geben, der mit einer Zeit von 23,15 Sekunden triumphierte.Die Zuschauer in der Schwimmarena von Belgrad erlebten ein packendes Finale, in dem Bucher mit explosiver Energie und Pr\u00e4zision die Konkurrenz hinter sich lie\u00df und sein Talent eindrucksvoll unter Beweis stellte. Der hauchd\u00fcnne Abstand von nur vier Hundertstelsekunden zum Erstplatzierten Bilas zeigt die unglaubliche Leistungsdichte und das hohe Niveau des Wettbewerbs.Mit dieser bemerkenswerten Leistung sichert sich Bucher nicht nur den prestigetr\u00e4chtigen zweiten Platz, sondern sendet auch ein starkes Signal in Richtung der Olympischen Spiele in Paris. Der \u00f6sterreichische Schwimmer ist fest entschlossen, seine Energie und Motivation aus diesem Erfolg mitzunehmen und sich optimal auf das n\u00e4chste gro\u00dfe Ziel vorzubereiten.\u201eIch bin \u00fcbergl\u00fccklich \u00fcber die Silbermedaille und stolz auf meine Leistung\u201c, sagte Bucher nach dem Rennen. \u201eEs war ein harter Wettkampf, und Bilas war ein starker Gegner. Diese Erfahrung motiviert mich nur noch mehr f\u00fcr die Olympischen Spiele in Paris. Ich werde hart weiterarbeiten, um dort mein Bestes zu geben.\u201cDie Schwimmgemeinschaft und Fans in \u00d6sterreich feiern Simon Buchers beeindruckende Leistung und blicken gespannt auf seine weitere Karriere. Mit seiner Silbermedaille in Belgrad hat er bewiesen, dass er zu den Top-Athleten Europas geh\u00f6rt und dass man in Paris fest mit ihm rechnen kann.\",\"breadcrumb\":{\"@id\":\"https:\\\/\\\/simonbucher.at\\\/?p=1101#breadcrumb\"},\"inLanguage\":\"de\",\"potentialAction\":[{\"@type\":\"ReadAction\",\"target\":[\"https:\\\/\\\/simonbucher.at\\\/?p=1101\"]}]},{\"@type\":\"ImageObject\",\"inLanguage\":\"de\",\"@id\":\"https:\\\/\\\/simonbucher.at\\\/?p=1101#primaryimage\",\"url\":\"https:\\\/\\\/simonbucher.at\\\/wp-content\\\/uploads\\\/2024\\\/06\\\/448532355_18439374031047792_6204944361893517576_n.jpg\",\"contentUrl\":\"https:\\\/\\\/simonbucher.at\\\/wp-content\\\/uploads\\\/2024\\\/06\\\/448532355_18439374031047792_6204944361893517576_n.jpg\",\"width\":960,\"height\":640},{\"@type\":\"BreadcrumbList\",\"@id\":\"https:\\\/\\\/simonbucher.at\\\/?p=1101#breadcrumb\",\"itemListElement\":[{\"@type\":\"ListItem\",\"position\":1,\"name\":\"Startseite\",\"item\":\"https:\\\/\\\/simonbucher.at\\\/\"},{\"@type\":\"ListItem\",\"position\":2,\"name\":\"Silbermedaille f\u00fcr Simon Bucher bei den Europameisterschaften in Belgrad\"}]},{\"@type\":\"WebSite\",\"@id\":\"https:\\\/\\\/simonbucher.at\\\/#website\",\"url\":\"https:\\\/\\\/simonbucher.at\\\/\",\"name\":\"simonbucher.at\",\"description\":\"Auf dem Weg zu neuen Rekorden.\",\"publisher\":{\"@id\":\"https:\\\/\\\/simonbucher.at\\\/#organization\"},\"potentialAction\":[{\"@type\":\"SearchAction\",\"target\":{\"@type\":\"EntryPoint\",\"urlTemplate\":\"https:\\\/\\\/simonbucher.at\\\/?s={search_term_string}\"},\"query-input\":{\"@type\":\"PropertyValueSpecification\",\"valueRequired\":true,\"valueName\":\"search_term_string\"}}],\"inLanguage\":\"de\"},{\"@type\":\"Organization\",\"@id\":\"https:\\\/\\\/simonbucher.at\\\/#organization\",\"name\":\"simonbucher.at\",\"url\":\"https:\\\/\\\/simonbucher.at\\\/\",\"logo\":{\"@type\":\"ImageObject\",\"inLanguage\":\"de\",\"@id\":\"https:\\\/\\\/simonbucher.at\\\/#\\\/schema\\\/logo\\\/image\\\/\",\"url\":\"https:\\\/\\\/simonbucher.at\\\/wp-content\\\/uploads\\\/2023\\\/09\\\/Simon_Logo_w.png\",\"contentUrl\":\"https:\\\/\\\/simonbucher.at\\\/wp-content\\\/uploads\\\/2023\\\/09\\\/Simon_Logo_w.png\",\"width\":970,\"height\":394,\"caption\":\"simonbucher.at\"},\"image\":{\"@id\":\"https:\\\/\\\/simonbucher.at\\\/#\\\/schema\\\/logo\\\/image\\\/\"}},{\"@type\":\"Person\",\"@id\":\"https:\\\/\\\/simonbucher.at\\\/#\\\/schema\\\/person\\\/72fabddf09419697c76c0b0d6b487d75\",\"name\":\"adminG36U\",\"image\":{\"@type\":\"ImageObject\",\"inLanguage\":\"de\",\"@id\":\"https:\\\/\\\/secure.gravatar.com\\\/avatar\\\/5f3bcd329e71edb6f1431738a0af2f77fb24d12adfa3ef828e961785d1f2a832?s=96&d=mm&r=g\",\"url\":\"https:\\\/\\\/secure.gravatar.com\\\/avatar\\\/5f3bcd329e71edb6f1431738a0af2f77fb24d12adfa3ef828e961785d1f2a832?s=96&d=mm&r=g\",\"contentUrl\":\"https:\\\/\\\/secure.gravatar.com\\\/avatar\\\/5f3bcd329e71edb6f1431738a0af2f77fb24d12adfa3ef828e961785d1f2a832?s=96&d=mm&r=g\",\"caption\":\"adminG36U\"},\"sameAs\":[\"https:\\\/\\\/simonbucher.at\\\/dev\"],\"url\":\"https:\\\/\\\/simonbucher.at\\\/?author=1\"}]}<\/script>\n<!-- \/ Yoast SEO plugin. -->","yoast_head_json":{"title":"Silbermedaille f\u00fcr Simon Bucher bei den Europameisterschaften in Belgrad - simonbucher.at","description":"Belgrad, 18. Juni 2024 \u2013 Der \u00f6sterreichische Profischwimmer Simon Bucher hat bei den Europameisterschaften in Belgrad mit einer herausragenden Leistung die Silbermedaille im 50m Schmetterling gewonnen. Bucher beeindruckte mit einer Zeit von 23,19 Sekunden und musste sich nur knapp dem Sieger Bilas geschlagen geben, der mit einer Zeit von 23,15 Sekunden triumphierte.Die Zuschauer in der Schwimmarena von Belgrad erlebten ein packendes Finale, in dem Bucher mit explosiver Energie und Pr\u00e4zision die Konkurrenz hinter sich lie\u00df und sein Talent eindrucksvoll unter Beweis stellte. Der hauchd\u00fcnne Abstand von nur vier Hundertstelsekunden zum Erstplatzierten Bilas zeigt die unglaubliche Leistungsdichte und das hohe Niveau des Wettbewerbs.Mit dieser bemerkenswerten Leistung sichert sich Bucher nicht nur den prestigetr\u00e4chtigen zweiten Platz, sondern sendet auch ein starkes Signal in Richtung der Olympischen Spiele in Paris. Der \u00f6sterreichische Schwimmer ist fest entschlossen, seine Energie und Motivation aus diesem Erfolg mitzunehmen und sich optimal auf das n\u00e4chste gro\u00dfe Ziel vorzubereiten.\u201eIch bin \u00fcbergl\u00fccklich \u00fcber die Silbermedaille und stolz auf meine Leistung\u201c, sagte Bucher nach dem Rennen. \u201eEs war ein harter Wettkampf, und Bilas war ein starker Gegner. Diese Erfahrung motiviert mich nur noch mehr f\u00fcr die Olympischen Spiele in Paris. Ich werde hart weiterarbeiten, um dort mein Bestes zu geben.\u201cDie Schwimmgemeinschaft und Fans in \u00d6sterreich feiern Simon Buchers beeindruckende Leistung und blicken gespannt auf seine weitere Karriere. Mit seiner Silbermedaille in Belgrad hat er bewiesen, dass er zu den Top-Athleten Europas geh\u00f6rt und dass man in Paris fest mit ihm rechnen kann.","robots":{"index":"index","follow":"follow","max-snippet":"max-snippet:-1","max-image-preview":"max-image-preview:large","max-video-preview":"max-video-preview:-1"},"canonical":"https:\/\/simonbucher.at\/?p=1101","og_locale":"de_DE","og_type":"article","og_title":"Silbermedaille f\u00fcr Simon Bucher bei den Europameisterschaften in Belgrad - simonbucher.at","og_description":"Belgrad, 18. Juni 2024 \u2013 Der \u00f6sterreichische Profischwimmer Simon Bucher hat bei den Europameisterschaften in Belgrad mit einer herausragenden Leistung die Silbermedaille im 50m Schmetterling gewonnen. Bucher beeindruckte mit einer Zeit von 23,19 Sekunden und musste sich nur knapp dem Sieger Bilas geschlagen geben, der mit einer Zeit von 23,15 Sekunden triumphierte.Die Zuschauer in der Schwimmarena von Belgrad erlebten ein packendes Finale, in dem Bucher mit explosiver Energie und Pr\u00e4zision die Konkurrenz hinter sich lie\u00df und sein Talent eindrucksvoll unter Beweis stellte. Der hauchd\u00fcnne Abstand von nur vier Hundertstelsekunden zum Erstplatzierten Bilas zeigt die unglaubliche Leistungsdichte und das hohe Niveau des Wettbewerbs.Mit dieser bemerkenswerten Leistung sichert sich Bucher nicht nur den prestigetr\u00e4chtigen zweiten Platz, sondern sendet auch ein starkes Signal in Richtung der Olympischen Spiele in Paris. Der \u00f6sterreichische Schwimmer ist fest entschlossen, seine Energie und Motivation aus diesem Erfolg mitzunehmen und sich optimal auf das n\u00e4chste gro\u00dfe Ziel vorzubereiten.\u201eIch bin \u00fcbergl\u00fccklich \u00fcber die Silbermedaille und stolz auf meine Leistung\u201c, sagte Bucher nach dem Rennen. \u201eEs war ein harter Wettkampf, und Bilas war ein starker Gegner. Diese Erfahrung motiviert mich nur noch mehr f\u00fcr die Olympischen Spiele in Paris. Ich werde hart weiterarbeiten, um dort mein Bestes zu geben.\u201cDie Schwimmgemeinschaft und Fans in \u00d6sterreich feiern Simon Buchers beeindruckende Leistung und blicken gespannt auf seine weitere Karriere. Mit seiner Silbermedaille in Belgrad hat er bewiesen, dass er zu den Top-Athleten Europas geh\u00f6rt und dass man in Paris fest mit ihm rechnen kann.","og_url":"https:\/\/simonbucher.at\/?p=1101","og_site_name":"simonbucher.at","article_published_time":"2024-06-19T09:47:06+00:00","article_modified_time":"2024-06-19T09:47:08+00:00","og_image":[{"width":960,"height":640,"url":"https:\/\/simonbucher.at\/wp-content\/uploads\/2024\/06\/448532355_18439374031047792_6204944361893517576_n.jpg","type":"image\/jpeg"}],"author":"adminG36U","twitter_card":"summary_large_image","twitter_misc":{"Verfasst von":"adminG36U","Gesch\u00e4tzte Lesezeit":"2\u00a0Minuten"},"schema":{"@context":"https:\/\/schema.org","@graph":[{"@type":"Article","@id":"https:\/\/simonbucher.at\/?p=1101#article","isPartOf":{"@id":"https:\/\/simonbucher.at\/?p=1101"},"author":{"name":"adminG36U","@id":"https:\/\/simonbucher.at\/#\/schema\/person\/72fabddf09419697c76c0b0d6b487d75"},"headline":"Silbermedaille f\u00fcr Simon Bucher bei den Europameisterschaften in Belgrad","datePublished":"2024-06-19T09:47:06+00:00","dateModified":"2024-06-19T09:47:08+00:00","mainEntityOfPage":{"@id":"https:\/\/simonbucher.at\/?p=1101"},"wordCount":258,"commentCount":0,"publisher":{"@id":"https:\/\/simonbucher.at\/#organization"},"image":{"@id":"https:\/\/simonbucher.at\/?p=1101#primaryimage"},"thumbnailUrl":"https:\/\/simonbucher.at\/wp-content\/uploads\/2024\/06\/448532355_18439374031047792_6204944361893517576_n.jpg","inLanguage":"de","potentialAction":[{"@type":"CommentAction","name":"Comment","target":["https:\/\/simonbucher.at\/?p=1101#respond"]}]},{"@type":"WebPage","@id":"https:\/\/simonbucher.at\/?p=1101","url":"https:\/\/simonbucher.at\/?p=1101","name":"Silbermedaille f\u00fcr Simon Bucher bei den Europameisterschaften in Belgrad - simonbucher.at","isPartOf":{"@id":"https:\/\/simonbucher.at\/#website"},"primaryImageOfPage":{"@id":"https:\/\/simonbucher.at\/?p=1101#primaryimage"},"image":{"@id":"https:\/\/simonbucher.at\/?p=1101#primaryimage"},"thumbnailUrl":"https:\/\/simonbucher.at\/wp-content\/uploads\/2024\/06\/448532355_18439374031047792_6204944361893517576_n.jpg","datePublished":"2024-06-19T09:47:06+00:00","dateModified":"2024-06-19T09:47:08+00:00","description":"Belgrad, 18. Juni 2024 \u2013 Der \u00f6sterreichische Profischwimmer Simon Bucher hat bei den Europameisterschaften in Belgrad mit einer herausragenden Leistung die Silbermedaille im 50m Schmetterling gewonnen. Bucher beeindruckte mit einer Zeit von 23,19 Sekunden und musste sich nur knapp dem Sieger Bilas geschlagen geben, der mit einer Zeit von 23,15 Sekunden triumphierte.Die Zuschauer in der Schwimmarena von Belgrad erlebten ein packendes Finale, in dem Bucher mit explosiver Energie und Pr\u00e4zision die Konkurrenz hinter sich lie\u00df und sein Talent eindrucksvoll unter Beweis stellte. Der hauchd\u00fcnne Abstand von nur vier Hundertstelsekunden zum Erstplatzierten Bilas zeigt die unglaubliche Leistungsdichte und das hohe Niveau des Wettbewerbs.Mit dieser bemerkenswerten Leistung sichert sich Bucher nicht nur den prestigetr\u00e4chtigen zweiten Platz, sondern sendet auch ein starkes Signal in Richtung der Olympischen Spiele in Paris. Der \u00f6sterreichische Schwimmer ist fest entschlossen, seine Energie und Motivation aus diesem Erfolg mitzunehmen und sich optimal auf das n\u00e4chste gro\u00dfe Ziel vorzubereiten.\u201eIch bin \u00fcbergl\u00fccklich \u00fcber die Silbermedaille und stolz auf meine Leistung\u201c, sagte Bucher nach dem Rennen. \u201eEs war ein harter Wettkampf, und Bilas war ein starker Gegner. Diese Erfahrung motiviert mich nur noch mehr f\u00fcr die Olympischen Spiele in Paris. Ich werde hart weiterarbeiten, um dort mein Bestes zu geben.\u201cDie Schwimmgemeinschaft und Fans in \u00d6sterreich feiern Simon Buchers beeindruckende Leistung und blicken gespannt auf seine weitere Karriere. Mit seiner Silbermedaille in Belgrad hat er bewiesen, dass er zu den Top-Athleten Europas geh\u00f6rt und dass man in Paris fest mit ihm rechnen kann.","breadcrumb":{"@id":"https:\/\/simonbucher.at\/?p=1101#breadcrumb"},"inLanguage":"de","potentialAction":[{"@type":"ReadAction","target":["https:\/\/simonbucher.at\/?p=1101"]}]},{"@type":"ImageObject","inLanguage":"de","@id":"https:\/\/simonbucher.at\/?p=1101#primaryimage","url":"https:\/\/simonbucher.at\/wp-content\/uploads\/2024\/06\/448532355_18439374031047792_6204944361893517576_n.jpg","contentUrl":"https:\/\/simonbucher.at\/wp-content\/uploads\/2024\/06\/448532355_18439374031047792_6204944361893517576_n.jpg","width":960,"height":640},{"@type":"BreadcrumbList","@id":"https:\/\/simonbucher.at\/?p=1101#breadcrumb","itemListElement":[{"@type":"ListItem","position":1,"name":"Startseite","item":"https:\/\/simonbucher.at\/"},{"@type":"ListItem","position":2,"name":"Silbermedaille f\u00fcr Simon Bucher bei den Europameisterschaften in Belgrad"}]},{"@type":"WebSite","@id":"https:\/\/simonbucher.at\/#website","url":"https:\/\/simonbucher.at\/","name":"simonbucher.at","description":"Auf dem Weg zu neuen Rekorden.","publisher":{"@id":"https:\/\/simonbucher.at\/#organization"},"potentialAction":[{"@type":"SearchAction","target":{"@type":"EntryPoint","urlTemplate":"https:\/\/simonbucher.at\/?s={search_term_string}"},"query-input":{"@type":"PropertyValueSpecification","valueRequired":true,"valueName":"search_term_string"}}],"inLanguage":"de"},{"@type":"Organization","@id":"https:\/\/simonbucher.at\/#organization","name":"simonbucher.at","url":"https:\/\/simonbucher.at\/","logo":{"@type":"ImageObject","inLanguage":"de","@id":"https:\/\/simonbucher.at\/#\/schema\/logo\/image\/","url":"https:\/\/simonbucher.at\/wp-content\/uploads\/2023\/09\/Simon_Logo_w.png","contentUrl":"https:\/\/simonbucher.at\/wp-content\/uploads\/2023\/09\/Simon_Logo_w.png","width":970,"height":394,"caption":"simonbucher.at"},"image":{"@id":"https:\/\/simonbucher.at\/#\/schema\/logo\/image\/"}},{"@type":"Person","@id":"https:\/\/simonbucher.at\/#\/schema\/person\/72fabddf09419697c76c0b0d6b487d75","name":"adminG36U","image":{"@type":"ImageObject","inLanguage":"de","@id":"https:\/\/secure.gravatar.com\/avatar\/5f3bcd329e71edb6f1431738a0af2f77fb24d12adfa3ef828e961785d1f2a832?s=96&d=mm&r=g","url":"https:\/\/secure.gravatar.com\/avatar\/5f3bcd329e71edb6f1431738a0af2f77fb24d12adfa3ef828e961785d1f2a832?s=96&d=mm&r=g","contentUrl":"https:\/\/secure.gravatar.com\/avatar\/5f3bcd329e71edb6f1431738a0af2f77fb24d12adfa3ef828e961785d1f2a832?s=96&d=mm&r=g","caption":"adminG36U"},"sameAs":["https:\/\/simonbucher.at\/dev"],"url":"https:\/\/simonbucher.at\/?author=1"}]}},"_links":{"self":[{"href":"https:\/\/simonbucher.at\/index.php?rest_route=\/wp\/v2\/posts\/1101","targetHints":{"allow":["GET"]}}],"collection":[{"href":"https:\/\/simonbucher.at\/index.php?rest_route=\/wp\/v2\/posts"}],"about":[{"href":"https:\/\/simonbucher.at\/index.php?rest_route=\/wp\/v2\/types\/post"}],"author":[{"embeddable":true,"href":"https:\/\/simonbucher.at\/index.php?rest_route=\/wp\/v2\/users\/1"}],"replies":[{"embeddable":true,"href":"https:\/\/simonbucher.at\/index.php?rest_route=%2Fwp%2Fv2%2Fcomments&post=1101"}],"version-history":[{"count":1,"href":"https:\/\/simonbucher.at\/index.php?rest_route=\/wp\/v2\/posts\/1101\/revisions"}],"predecessor-version":[{"id":1103,"href":"https:\/\/simonbucher.at\/index.php?rest_route=\/wp\/v2\/posts\/1101\/revisions\/1103"}],"wp:featuredmedia":[{"embeddable":true,"href":"https:\/\/simonbucher.at\/index.php?rest_route=\/wp\/v2\/media\/1102"}],"wp:attachment":[{"href":"https:\/\/simonbucher.at\/index.php?rest_route=%2Fwp%2Fv2%2Fmedia&parent=1101"}],"wp:term":[{"taxonomy":"category","embeddable":true,"href":"https:\/\/simonbucher.at\/index.php?rest_route=%2Fwp%2Fv2%2Fcategories&post=1101"},{"taxonomy":"post_tag","embeddable":true,"href":"https:\/\/simonbucher.at\/index.php?rest_route=%2Fwp%2Fv2%2Ftags&post=1101"}],"curies":[{"name":"wp","href":"https:\/\/api.w.org\/{rel}","templated":true}]}}